{"id":2218,"date":"2023-05-30T11:25:20","date_gmt":"2023-05-30T09:25:20","guid":{"rendered":"https:\/\/www.smzychlin.pl\/?p=2218"},"modified":"2023-05-30T11:29:17","modified_gmt":"2023-05-30T09:29:17","slug":"spoldzielnia-mieszkaniowa-w-zychlinie-zatrudni-osobe-na-stanowisko-prezes-zarzadu","status":"publish","type":"post","link":"https:\/\/www.smzychlin.pl\/index.php\/2023\/05\/30\/spoldzielnia-mieszkaniowa-w-zychlinie-zatrudni-osobe-na-stanowisko-prezes-zarzadu\/","title":{"rendered":"Sp\u00f3\u0142dzielnia Mieszkaniowa w \u017bychlinie zatrudni osob\u0119 na stanowisko &#8222;Prezes Zarz\u0105du&#8221;."},"content":{"rendered":"\t\t<div data-elementor-type=\"wp-post\" data-elementor-id=\"2218\" class=\"elementor elementor-2218\">\n\t\t\t\t<div class=\"elementor-element elementor-element-b49e603 e-flex e-con-boxed e-con e-parent\" data-id=\"b49e603\" data-element_type=\"container\" data-e-type=\"container\">\n\t\t\t\t\t<div class=\"e-con-inner\">\n\t\t\t\t<div class=\"elementor-element elementor-element-761549d elementor-widget elementor-widget-text-editor\" data-id=\"761549d\" data-element_type=\"widget\" data-e-type=\"widget\" data-widget_type=\"text-editor.default\">\n\t\t\t\t<div class=\"elementor-widget-container\">\n\t\t\t\t\t\t\t\t\t<p><strong>Sp\u00f3\u0142dzielnia Mieszkaniowa w \u017bychlinie zatrudni osob\u0119 na stanowisko &#8222;Prezes Zarz\u0105du&#8221;.<\/strong><\/p><p>Wymagania:<\/p><p>\u2013 co najmniej 10-letni sta\u017c pracy<\/p><p>\u2013 co najmniej 5-letnie do\u015bwiadczenie na stanowisku kierowniczym<\/p><p>\u2013 wykszta\u0142cenie wy\u017csze<\/p><p>\u2013 znajomo\u015b\u0107 prawa sp\u00f3\u0142dzielczego i zasad funkcjonowania sp\u00f3\u0142dzielni<\/p><p>\u2013 posiadanie pe\u0142nej zdolno\u015bci do czynno\u015bci prawnych i korzystanie z pe\u0142ni praw publicznych<\/p><p>\u2013 niekaralno\u015b\u0107 za umy\u015blne przest\u0119pstwo<\/p><p>\u2013 nieprowadzenie dzia\u0142alno\u015bci konkurencyjnej wzgl\u0119dem Sp\u00f3\u0142dzielni Mieszkaniowej w \u017bychlinie<\/p><p>\u2013 niepozostawanie w zwi\u0105zku ma\u0142\u017ce\u0144skim ani w stosunku pokrewie\u0144stwa w linii prostej i drugim stopniu linii bocznej lub powinowactwa z cz\u0142onkami Rady Nadzorczej<\/p><p>\u2013 umiej\u0119tno\u015b\u0107 zarz\u0105dzania i podejmowania szybkich decyzji<\/p><p>\u2013 umiej\u0119tno\u015b\u0107 kierowania zespo\u0142ami ludzkimi<\/p><p>Oferta powinna zawiera\u0107:<\/p><p>\u2013 CV wraz z klauzul\u0105: &#8222;Wyra\u017cam zgod\u0119 na przetwarzanie moich danych osobowych dla potrzeb niezb\u0119dnych do realizacji procesu rekrutacji zgodnie z Rozporz\u0105dzeniem Parlamentu<\/p><p>Europejskiego i Rady (UE) 2016\/679 z dnia 27 kwietnia 2016 r. w sprawie ochrony os\u00f3b fizycznych w zwi\u0105zku z przetwarzaniem danych osobowych i w sprawie swobodnego przep\u0142ywu takich danych oraz uchylenia dyrektywy 95\/46\/WE (RODO).&#8221;<\/p><p>\u2013 list motywacyjny<\/p><p>\u2013 dokumenty potwierdzaj\u0105ce posiadane wykszta\u0142cenie oraz do\u015bwiadczenie zawodowe<\/p><p>\u2013 pisemne o\u015bwiadczenia Kandydata o:<\/p><p>\u2013 posiadaniu pe\u0142nej zdolno\u015bci do czynno\u015bci prawnych i korzystania z pe\u0142ni praw publicznych<\/p><p>\u2013 niekaralno\u015bci za umy\u015blne przest\u0119pstwo<\/p><p>\u2013 nieprowadzeniu dzia\u0142alno\u015bci konkurencyjnej wzgl\u0119dem Sp\u00f3\u0142dzielni Mieszkaniowej w \u017bychlinie<\/p><p>\u2013 niepozostawaniu w zwi\u0105zku ma\u0142\u017ce\u0144skim ani w stosunku pokrewie\u0144stwa w linii prostej i drugim stopniu linii bocznej lub powinowactwa z cz\u0142onkami Rady Nadzorczej<\/p><p><\/p><p>Oferty nale\u017cy sk\u0142ada\u0107 do 30\/06\/2023r. w sekretariacie Sp\u00f3\u0142dzielni Mieszkaniowej ul. \u0141\u0105kowa 5\/21 99- 320 \u017bychlin<\/p>\t\t\t\t\t\t\t\t<\/div>\n\t\t\t\t<\/div>\n\t\t\t\t\t<\/div>\n\t\t\t\t<\/div>\n\t\t\t\t<\/div>\n\t\t","protected":false},"excerpt":{"rendered":"<p>Sp\u00f3\u0142dzielnia Mieszkaniowa w \u017bychlinie zatrudni osob\u0119 na stanowisko &#8222;Prezes Zarz\u0105du&#8221;. Wymagania: \u2013 co najmniej 10-letni sta\u017c pracy \u2013 co najmniej 5-letnie do\u015bwiadczenie na stanowisku kierowniczym \u2013 wykszta\u0142cenie wy\u017csze \u2013 znajomo\u015b\u0107 prawa sp\u00f3\u0142dzielczego i zasad funkcjonowania sp\u00f3\u0142dzielni \u2013 posiadanie pe\u0142nej zdolno\u015bci do czynno\u015bci prawnych i korzystanie z pe\u0142ni praw publicznych \u2013 [&hellip;]<\/p>\n","protected":false},"author":2,"featured_media":0,"comment_status":"closed","ping_status":"open","sticky":false,"template":"","format":"standard","meta":{"_themeisle_gutenberg_block_has_review":false,"two_page_speed":[],"footnotes":""},"categories":[1],"tags":[],"class_list":["post-2218","post","type-post","status-publish","format-standard","hentry","category-informacje"],"_links":{"self":[{"href":"https:\/\/www.smzychlin.pl\/index.php\/wp-json\/wp\/v2\/posts\/2218","targetHints":{"allow":["GET"]}}],"collection":[{"href":"https:\/\/www.smzychlin.pl\/index.php\/wp-json\/wp\/v2\/posts"}],"about":[{"href":"https:\/\/www.smzychlin.pl\/index.php\/wp-json\/wp\/v2\/types\/post"}],"author":[{"embeddable":true,"href":"https:\/\/www.smzychlin.pl\/index.php\/wp-json\/wp\/v2\/users\/2"}],"replies":[{"embeddable":true,"href":"https:\/\/www.smzychlin.pl\/index.php\/wp-json\/wp\/v2\/comments?post=2218"}],"version-history":[{"count":4,"href":"https:\/\/www.smzychlin.pl\/index.php\/wp-json\/wp\/v2\/posts\/2218\/revisions"}],"predecessor-version":[{"id":2223,"href":"https:\/\/www.smzychlin.pl\/index.php\/wp-json\/wp\/v2\/posts\/2218\/revisions\/2223"}],"wp:attachment":[{"href":"https:\/\/www.smzychlin.pl\/index.php\/wp-json\/wp\/v2\/media?parent=2218"}],"wp:term":[{"taxonomy":"category","embeddable":true,"href":"https:\/\/www.smzychlin.pl\/index.php\/wp-json\/wp\/v2\/categories?post=2218"},{"taxonomy":"post_tag","embeddable":true,"href":"https:\/\/www.smzychlin.pl\/index.php\/wp-json\/wp\/v2\/tags?post=2218"}],"curies":[{"name":"wp","href":"https:\/\/api.w.org\/{rel}","templated":true}]}}