{"id":1798,"date":"2022-07-05T07:14:27","date_gmt":"2022-07-05T05:14:27","guid":{"rendered":"https:\/\/www.smzychlin.pl\/?p=1798"},"modified":"2022-07-05T07:15:47","modified_gmt":"2022-07-05T05:15:47","slug":"informacja-o-zwolaniu-posiedzenia-rady-nadzorczej-sm-w-zychlinie-7","status":"publish","type":"post","link":"https:\/\/www.smzychlin.pl\/index.php\/2022\/07\/05\/informacja-o-zwolaniu-posiedzenia-rady-nadzorczej-sm-w-zychlinie-7\/","title":{"rendered":"Informacja o zwo\u0142aniu posiedzenia Rady Nadzorczej SM w \u017bychlinie"},"content":{"rendered":"\t\t<div data-elementor-type=\"wp-post\" data-elementor-id=\"1798\" class=\"elementor elementor-1798\">\n\t\t\t\t\t\t<section class=\"elementor-section elementor-top-section elementor-element elementor-element-8b8ebdd elementor-section-boxed elementor-section-height-default elementor-section-height-default\" data-id=\"8b8ebdd\" data-element_type=\"section\" data-e-type=\"section\">\n\t\t\t\t\t\t<div class=\"elementor-container elementor-column-gap-default\">\n\t\t\t\t\t<div class=\"elementor-column elementor-col-100 elementor-top-column elementor-element elementor-element-caaceec\" data-id=\"caaceec\" data-element_type=\"column\" data-e-type=\"column\">\n\t\t\t<div class=\"elementor-widget-wrap elementor-element-populated\">\n\t\t\t\t\t\t<div class=\"elementor-element elementor-element-7798111 elementor-widget elementor-widget-text-editor\" data-id=\"7798111\" data-element_type=\"widget\" data-e-type=\"widget\" data-widget_type=\"text-editor.default\">\n\t\t\t\t<div class=\"elementor-widget-container\">\n\t\t\t\t\t\t\t\t\t<p>Przewodnicz\u0105cy Walnego Zgromadzenia Sp\u00f3\u0142dzielni Mieszkaniowej w \u017bychlinie zwo\u0142uje<br>posiedzenie Rady na dzie\u0144 11 lipca 2022 roku (poniedzia\u0142ek) o godz. 16.30 w \u015bwietlicy<br>Sp\u00f3\u0142dzielni ul. \u0141\u0105kowa 5\/21.<br>Porz\u0105dek posiedzenia :<br>1. Otwarcie obrad, przyj\u0119cie porz\u0105dku obrad.<br>2. Ukonstytuowanie si\u0119 Rady Nadzorczej.<br>3. Zatwierdzenie aneksu do umowy najmu lokalu u\u017cytkowego przy ul. \u0141\u0105kowej 3a ( Pawilon<br>Delikatesy Centrum).<br>4. Podj\u0119cie decyzji w sprawie ewentualnego remontu budynku przy ul. Traugutta 22a ( biura<br>administracji i ksi\u0119gowo\u015bci).<br>5. Sprawy r\u00f3\u017cne i wniesione.<br><\/p>\t\t\t\t\t\t\t\t<\/div>\n\t\t\t\t<\/div>\n\t\t\t\t\t<\/div>\n\t\t<\/div>\n\t\t\t\t\t<\/div>\n\t\t<\/section>\n\t\t\t\t<\/div>\n\t\t","protected":false},"excerpt":{"rendered":"<p>Przewodnicz\u0105cy Walnego Zgromadzenia Sp\u00f3\u0142dzielni Mieszkaniowej w \u017bychlinie zwo\u0142ujeposiedzenie Rady na dzie\u0144 11 lipca 2022 roku (poniedzia\u0142ek) o godz. 16.30 w \u015bwietlicySp\u00f3\u0142dzielni ul. \u0141\u0105kowa 5\/21.Porz\u0105dek posiedzenia :1. Otwarcie obrad, przyj\u0119cie porz\u0105dku obrad.2. Ukonstytuowanie si\u0119 Rady Nadzorczej.3. Zatwierdzenie aneksu do umowy najmu lokalu u\u017cytkowego przy ul. \u0141\u0105kowej 3a ( PawilonDelikatesy Centrum).4. Podj\u0119cie [&hellip;]<\/p>\n","protected":false},"author":2,"featured_media":0,"comment_status":"closed","ping_status":"open","sticky":false,"template":"","format":"standard","meta":{"_themeisle_gutenberg_block_has_review":false,"two_page_speed":[],"footnotes":""},"categories":[1],"tags":[],"class_list":["post-1798","post","type-post","status-publish","format-standard","hentry","category-informacje"],"_links":{"self":[{"href":"https:\/\/www.smzychlin.pl\/index.php\/wp-json\/wp\/v2\/posts\/1798","targetHints":{"allow":["GET"]}}],"collection":[{"href":"https:\/\/www.smzychlin.pl\/index.php\/wp-json\/wp\/v2\/posts"}],"about":[{"href":"https:\/\/www.smzychlin.pl\/index.php\/wp-json\/wp\/v2\/types\/post"}],"author":[{"embeddable":true,"href":"https:\/\/www.smzychlin.pl\/index.php\/wp-json\/wp\/v2\/users\/2"}],"replies":[{"embeddable":true,"href":"https:\/\/www.smzychlin.pl\/index.php\/wp-json\/wp\/v2\/comments?post=1798"}],"version-history":[{"count":4,"href":"https:\/\/www.smzychlin.pl\/index.php\/wp-json\/wp\/v2\/posts\/1798\/revisions"}],"predecessor-version":[{"id":1802,"href":"https:\/\/www.smzychlin.pl\/index.php\/wp-json\/wp\/v2\/posts\/1798\/revisions\/1802"}],"wp:attachment":[{"href":"https:\/\/www.smzychlin.pl\/index.php\/wp-json\/wp\/v2\/media?parent=1798"}],"wp:term":[{"taxonomy":"category","embeddable":true,"href":"https:\/\/www.smzychlin.pl\/index.php\/wp-json\/wp\/v2\/categories?post=1798"},{"taxonomy":"post_tag","embeddable":true,"href":"https:\/\/www.smzychlin.pl\/index.php\/wp-json\/wp\/v2\/tags?post=1798"}],"curies":[{"name":"wp","href":"https:\/\/api.w.org\/{rel}","templated":true}]}}