{"id":1793,"date":"2022-06-28T09:14:21","date_gmt":"2022-06-28T07:14:21","guid":{"rendered":"https:\/\/www.smzychlin.pl\/?p=1793"},"modified":"2022-06-28T09:18:34","modified_gmt":"2022-06-28T07:18:34","slug":"informacja-o-zmianie-siedziby-biura-administracji","status":"publish","type":"post","link":"https:\/\/www.smzychlin.pl\/index.php\/2022\/06\/28\/informacja-o-zmianie-siedziby-biura-administracji\/","title":{"rendered":"Informacja o zmianie siedziby biura administracji"},"content":{"rendered":"\t\t<div data-elementor-type=\"wp-post\" data-elementor-id=\"1793\" class=\"elementor elementor-1793\">\n\t\t\t\t\t\t<section class=\"elementor-section elementor-top-section elementor-element elementor-element-85e7800 elementor-section-boxed elementor-section-height-default elementor-section-height-default\" data-id=\"85e7800\" data-element_type=\"section\" data-e-type=\"section\">\n\t\t\t\t\t\t<div class=\"elementor-container elementor-column-gap-default\">\n\t\t\t\t\t<div class=\"elementor-column elementor-col-100 elementor-top-column elementor-element elementor-element-2ac92a2\" data-id=\"2ac92a2\" data-element_type=\"column\" data-e-type=\"column\">\n\t\t\t<div class=\"elementor-widget-wrap elementor-element-populated\">\n\t\t\t\t\t\t<div class=\"elementor-element elementor-element-a6990b6 elementor-widget elementor-widget-text-editor\" data-id=\"a6990b6\" data-element_type=\"widget\" data-e-type=\"widget\" data-widget_type=\"text-editor.default\">\n\t\t\t\t<div class=\"elementor-widget-container\">\n\t\t\t\t\t\t\t\t\t<p>Od dnia 21.06.2022r. do odwo\u0142ania biuro administracji Sp\u00f3\u0142dzielni Mieszkaniowej w \u017bychlinie przeniesione zosta\u0142o do pomieszczenia Kontener &#8211; \u015awietlica (obok Marketu Delikatesy Centrum). <\/p><p>telefon kontaktowy: 729-312-460; 24 285 &#8211; 13 &#8211; 38<\/p><p>\u00a0<\/p>\t\t\t\t\t\t\t\t<\/div>\n\t\t\t\t<\/div>\n\t\t\t\t\t<\/div>\n\t\t<\/div>\n\t\t\t\t\t<\/div>\n\t\t<\/section>\n\t\t\t\t<\/div>\n\t\t","protected":false},"excerpt":{"rendered":"<p>Od dnia 21.06.2022r. do odwo\u0142ania biuro administracji Sp\u00f3\u0142dzielni Mieszkaniowej w \u017bychlinie przeniesione zosta\u0142o do pomieszczenia Kontener &#8211; \u015awietlica (obok Marketu Delikatesy Centrum). telefon kontaktowy: 729-312-460; 24 285 &#8211; 13 &#8211; 38 \u00a0<\/p>\n","protected":false},"author":2,"featured_media":0,"comment_status":"closed","ping_status":"open","sticky":false,"template":"","format":"standard","meta":{"_themeisle_gutenberg_block_has_review":false,"two_page_speed":[],"footnotes":""},"categories":[1],"tags":[],"class_list":["post-1793","post","type-post","status-publish","format-standard","hentry","category-informacje"],"_links":{"self":[{"href":"https:\/\/www.smzychlin.pl\/index.php\/wp-json\/wp\/v2\/posts\/1793","targetHints":{"allow":["GET"]}}],"collection":[{"href":"https:\/\/www.smzychlin.pl\/index.php\/wp-json\/wp\/v2\/posts"}],"about":[{"href":"https:\/\/www.smzychlin.pl\/index.php\/wp-json\/wp\/v2\/types\/post"}],"author":[{"embeddable":true,"href":"https:\/\/www.smzychlin.pl\/index.php\/wp-json\/wp\/v2\/users\/2"}],"replies":[{"embeddable":true,"href":"https:\/\/www.smzychlin.pl\/index.php\/wp-json\/wp\/v2\/comments?post=1793"}],"version-history":[{"count":4,"href":"https:\/\/www.smzychlin.pl\/index.php\/wp-json\/wp\/v2\/posts\/1793\/revisions"}],"predecessor-version":[{"id":1797,"href":"https:\/\/www.smzychlin.pl\/index.php\/wp-json\/wp\/v2\/posts\/1793\/revisions\/1797"}],"wp:attachment":[{"href":"https:\/\/www.smzychlin.pl\/index.php\/wp-json\/wp\/v2\/media?parent=1793"}],"wp:term":[{"taxonomy":"category","embeddable":true,"href":"https:\/\/www.smzychlin.pl\/index.php\/wp-json\/wp\/v2\/categories?post=1793"},{"taxonomy":"post_tag","embeddable":true,"href":"https:\/\/www.smzychlin.pl\/index.php\/wp-json\/wp\/v2\/tags?post=1793"}],"curies":[{"name":"wp","href":"https:\/\/api.w.org\/{rel}","templated":true}]}}