{"id":1780,"date":"2022-06-27T13:20:56","date_gmt":"2022-06-27T11:20:56","guid":{"rendered":"https:\/\/www.smzychlin.pl\/?p=1780"},"modified":"2022-06-27T13:26:34","modified_gmt":"2022-06-27T11:26:34","slug":"walne-zgromadzenie-czlonkow-spoldzielni-mieszkaniowej-w-zychlinie","status":"publish","type":"post","link":"https:\/\/www.smzychlin.pl\/index.php\/2022\/06\/27\/walne-zgromadzenie-czlonkow-spoldzielni-mieszkaniowej-w-zychlinie\/","title":{"rendered":"Walne Zgromadzenie cz\u0142onk\u00f3w Sp\u00f3\u0142dzielni Mieszkaniowej w \u017bychlinie"},"content":{"rendered":"\t\t<div data-elementor-type=\"wp-post\" data-elementor-id=\"1780\" class=\"elementor elementor-1780\">\n\t\t\t\t\t\t<section class=\"elementor-section elementor-top-section elementor-element elementor-element-332833a elementor-section-boxed elementor-section-height-default elementor-section-height-default\" data-id=\"332833a\" data-element_type=\"section\" data-e-type=\"section\">\n\t\t\t\t\t\t<div class=\"elementor-container elementor-column-gap-default\">\n\t\t\t\t\t<div class=\"elementor-column elementor-col-100 elementor-top-column elementor-element elementor-element-750653e\" data-id=\"750653e\" data-element_type=\"column\" data-e-type=\"column\">\n\t\t\t<div class=\"elementor-widget-wrap elementor-element-populated\">\n\t\t\t\t\t\t<div class=\"elementor-element elementor-element-15ca9cc elementor-widget elementor-widget-image\" data-id=\"15ca9cc\" data-element_type=\"widget\" data-e-type=\"widget\" data-widget_type=\"image.default\">\n\t\t\t\t<div class=\"elementor-widget-container\">\n\t\t\t\t\t\t\t\t\t\t\t\t\t\t\t<img fetchpriority=\"high\" decoding=\"async\" width=\"724\" height=\"1024\" src=\"https:\/\/www.smzychlin.pl\/wp-content\/uploads\/2022\/06\/Walne-Zebranie01-724x1024.jpg\" class=\"attachment-large size-large wp-image-1787\" alt=\"\" srcset=\"https:\/\/www.smzychlin.pl\/wp-content\/uploads\/2022\/06\/Walne-Zebranie01-724x1024.jpg 724w, https:\/\/www.smzychlin.pl\/wp-content\/uploads\/2022\/06\/Walne-Zebranie01-212x300.jpg 212w, https:\/\/www.smzychlin.pl\/wp-content\/uploads\/2022\/06\/Walne-Zebranie01-768x1086.jpg 768w, https:\/\/www.smzychlin.pl\/wp-content\/uploads\/2022\/06\/Walne-Zebranie01.jpg 826w\" sizes=\"(max-width: 724px) 100vw, 724px\" \/>\t\t\t\t\t\t\t\t\t\t\t\t\t\t\t<\/div>\n\t\t\t\t<\/div>\n\t\t\t\t\t<\/div>\n\t\t<\/div>\n\t\t\t\t\t<\/div>\n\t\t<\/section>\n\t\t\t\t<\/div>\n\t\t","protected":false},"excerpt":{"rendered":"","protected":false},"author":2,"featured_media":0,"comment_status":"closed","ping_status":"open","sticky":false,"template":"","format":"standard","meta":{"_themeisle_gutenberg_block_has_review":false,"two_page_speed":[],"footnotes":""},"categories":[1],"tags":[],"class_list":["post-1780","post","type-post","status-publish","format-standard","hentry","category-informacje"],"_links":{"self":[{"href":"https:\/\/www.smzychlin.pl\/index.php\/wp-json\/wp\/v2\/posts\/1780","targetHints":{"allow":["GET"]}}],"collection":[{"href":"https:\/\/www.smzychlin.pl\/index.php\/wp-json\/wp\/v2\/posts"}],"about":[{"href":"https:\/\/www.smzychlin.pl\/index.php\/wp-json\/wp\/v2\/types\/post"}],"author":[{"embeddable":true,"href":"https:\/\/www.smzychlin.pl\/index.php\/wp-json\/wp\/v2\/users\/2"}],"replies":[{"embeddable":true,"href":"https:\/\/www.smzychlin.pl\/index.php\/wp-json\/wp\/v2\/comments?post=1780"}],"version-history":[{"count":7,"href":"https:\/\/www.smzychlin.pl\/index.php\/wp-json\/wp\/v2\/posts\/1780\/revisions"}],"predecessor-version":[{"id":1790,"href":"https:\/\/www.smzychlin.pl\/index.php\/wp-json\/wp\/v2\/posts\/1780\/revisions\/1790"}],"wp:attachment":[{"href":"https:\/\/www.smzychlin.pl\/index.php\/wp-json\/wp\/v2\/media?parent=1780"}],"wp:term":[{"taxonomy":"category","embeddable":true,"href":"https:\/\/www.smzychlin.pl\/index.php\/wp-json\/wp\/v2\/categories?post=1780"},{"taxonomy":"post_tag","embeddable":true,"href":"https:\/\/www.smzychlin.pl\/index.php\/wp-json\/wp\/v2\/tags?post=1780"}],"curies":[{"name":"wp","href":"https:\/\/api.w.org\/{rel}","templated":true}]}}